{"id":35,"date":"2010-12-25T21:30:32","date_gmt":"2010-12-25T21:30:32","guid":{"rendered":"https:\/\/escritoresyperiodistas.net\/?p=35"},"modified":"2010-12-25T21:40:39","modified_gmt":"2010-12-25T21:40:39","slug":"noticia-de-un-eclipse-de-amor-en-el-cielo-californiano","status":"publish","type":"post","link":"https:\/\/escritoresyperiodistas.net\/?p=35","title":{"rendered":"Noticia de un eclipse de amor en el cielo californiano"},"content":{"rendered":"<p><a href=\"https:\/\/escritoresyperiodistas.net\/wp-content\/uploads\/2010\/12\/eclipse_final.jpg\"><img loading=\"lazy\" decoding=\"async\" class=\"alignleft size-full wp-image-36\" title=\"eclipse_final\" src=\"https:\/\/escritoresyperiodistas.net\/wp-content\/uploads\/2010\/12\/eclipse_final.jpg\" alt=\"\" width=\"749\" height=\"432\" srcset=\"https:\/\/escritoresyperiodistas.net\/wp-content\/uploads\/2010\/12\/eclipse_final.jpg 749w, https:\/\/escritoresyperiodistas.net\/wp-content\/uploads\/2010\/12\/eclipse_final-300x173.jpg 300w\" sizes=\"auto, (max-width: 749px) 100vw, 749px\" \/><\/a> <strong>A<\/strong>tenci\u00f3n, damas y caballeros, grandes y peque\u00f1os, lun\u00e1ticos y dem\u00e1s enfermos de alegr\u00eda de esta tierra, tengo una noticia de algo que esperamos por 632 a\u00f1os, desde 1378: \u00a1un eclipse de Luna que coincidi\u00f3 con el solsticio de invierno! Sucedi\u00f3 esta madrugada del 21 de diciembre de 2010, a\u00f1o del Se\u00f1or.<\/p>\n<p>Seg\u00fan los astr\u00f3nomos, la Tierra se atraves\u00f3 en l\u00ednea recta entre el sol y la Luna y la luz reflejada por la Tierra, nos fue devuelta por la Luna. Hace m\u00e1s de medio milenio ning\u00fan ser humano contemplaba este espect\u00e1culo. Para los astrof\u00edsicos ha sido una verdadera bonanza, ya que pueden recolectar polvo de estrellas o como se llame, y observar por el reflejo a la misma Tierra, como si fuera un planeta distante y aprender m\u00e1s de la vida en este universo.<\/p>\n<p>Para los que sufrimos de ataques de imaginaci\u00f3n, no se trat\u00f3 de un simple eclipse, fue un eclipse de amor:\u00a0 \u00a1Se produjo un evento po\u00e9tico en el cielo! La luna, enamorada de la Tierra, fue pre\u00f1ada por ella con la luz de todos sus amaneceres y atardeceres, y esa luz rojiza y m\u00e1gica que vimos esta madrugada, era la de una Luna sonrojada, despu\u00e9s de haber hecho el amor. Y como sabemos, el amor como en los tangos, hay que hacerlo a media luz. La novia sali\u00f3 radiante, vestida de blanco, estaba llena e iluminada por ese viejo sol, padrino discreto de sus encuentros amorosos. Las calles estaban ba\u00f1adas de esa luz que se reflejaba del sol, parec\u00eda como si un d\u00eda nocturno circulara entre \u00e1rboles y avenidas, entre techos y lejan\u00edas. De pronto, el milagro empez\u00f3 a suceder, primero fue un leve rubor en su barbilla, de repente pas\u00f3 a ese sitio bello y prohibido que queda exactamente a la derecha del polo sur tomando por la avenida al cielo. Las calles empezaron a perder su luz, el universo se detuvo por un instante, las sombras dejaron de proyectarse y la luna empez\u00f3 a desnudarse. La luz roja ya iba arriba de su cintura y en su geograf\u00eda infinita empezaron a aparecer venas palpitantes, palabras de amor desconocidas, deseos contenidos ya por siglos. \u00a1El Eclipse estaba haciendo el milagro!\u00a0 Fue un eclipse de amor total. El amor se hizo en plena oscuridad en la tierra, pero la enamorada palpitaba roja en el cielo. S\u00e9 que a la Luna, como a todo cuerpo especial y espacial que se respete, le gusta gozar de su intimidad, pero tom\u00e9 una foto de esta novia celestial, y lo que vi fue un planeta redondo y hermoso que por alg\u00fan motivo gira en torno a la Tierra y a nuestras vidas y que si no fuera por ella, dicen los cient\u00edficos, no los poetas, la vida nunca hubiera aparecido en este planeta.<\/p>\n<p>Eso es todo por ahora. Tendr\u00e9 que investigar cu\u00e1ndo suceder\u00e1 de nuevo en el cielo este milagro de amor, pero les juro que en la Tierra est\u00e1 sucediendo millones de veces en este mismo momento&#8230;<\/p>\n","protected":false},"excerpt":{"rendered":"<p>Atenci\u00f3n, damas y caballeros, grandes y peque\u00f1os, lun\u00e1ticos y dem\u00e1s enfermos de alegr\u00eda de esta tierra, tengo una noticia de algo que esperamos por 632 a\u00f1os, desde 1378: \u00a1un eclipse de Luna que coincidi\u00f3 con el solsticio de invierno! Sucedi\u00f3 &hellip; <a href=\"https:\/\/escritoresyperiodistas.net\/?p=35\">Continue reading <span class=\"meta-nav\">&rarr;<\/span><\/a><\/p>\n","protected":false},"author":1,"featured_media":0,"comment_status":"open","ping_status":"open","sticky":false,"template":"","format":"standard","meta":{"_s2mail":"","footnotes":""},"categories":[1],"tags":[],"class_list":["post-35","post","type-post","status-publish","format-standard","hentry","category-uncategorized"],"jetpack_featured_media_url":"","amp_enabled":true,"_links":{"self":[{"href":"https:\/\/escritoresyperiodistas.net\/index.php?rest_route=\/wp\/v2\/posts\/35","targetHints":{"allow":["GET"]}}],"collection":[{"href":"https:\/\/escritoresyperiodistas.net\/index.php?rest_route=\/wp\/v2\/posts"}],"about":[{"href":"https:\/\/escritoresyperiodistas.net\/index.php?rest_route=\/wp\/v2\/types\/post"}],"author":[{"embeddable":true,"href":"https:\/\/escritoresyperiodistas.net\/index.php?rest_route=\/wp\/v2\/users\/1"}],"replies":[{"embeddable":true,"href":"https:\/\/escritoresyperiodistas.net\/index.php?rest_route=%2Fwp%2Fv2%2Fcomments&post=35"}],"version-history":[{"count":3,"href":"https:\/\/escritoresyperiodistas.net\/index.php?rest_route=\/wp\/v2\/posts\/35\/revisions"}],"predecessor-version":[{"id":38,"href":"https:\/\/escritoresyperiodistas.net\/index.php?rest_route=\/wp\/v2\/posts\/35\/revisions\/38"}],"wp:attachment":[{"href":"https:\/\/escritoresyperiodistas.net\/index.php?rest_route=%2Fwp%2Fv2%2Fmedia&parent=35"}],"wp:term":[{"taxonomy":"category","embeddable":true,"href":"https:\/\/escritoresyperiodistas.net\/index.php?rest_route=%2Fwp%2Fv2%2Fcategories&post=35"},{"taxonomy":"post_tag","embeddable":true,"href":"https:\/\/escritoresyperiodistas.net\/index.php?rest_route=%2Fwp%2Fv2%2Ftags&post=35"}],"curies":[{"name":"wp","href":"https:\/\/api.w.org\/{rel}","templated":true}]}}